{"id":1884,"date":"2025-06-26T13:41:14","date_gmt":"2025-06-26T11:41:14","guid":{"rendered":"http:\/\/fabrykaogrodzieniec.pl\/?p=1884"},"modified":"2025-06-26T13:41:15","modified_gmt":"2025-06-26T11:41:15","slug":"przerwa-w-dostawie-wody-slowackiego-2-i-3","status":"publish","type":"post","link":"http:\/\/fabrykaogrodzieniec.pl\/index.php\/2025\/06\/26\/przerwa-w-dostawie-wody-slowackiego-2-i-3\/","title":{"rendered":"Przerwa w dostawie wody &#8211; S\u0142owackiego 2 i 3"},"content":{"rendered":"\n<p><\/p>\n\n\n\n<p><\/p>\n\n\n\n<p class=\"has-black-color has-text-color has-link-color has-medium-font-size wp-elements-81cba097ae659c63007b30c04807a8c7\" style=\"text-decoration:underline\">Uwaga, Mieszka\u0144cy budynk\u00f3w przy <strong>ul. S\u0142owackiego 2 i 3<\/strong><\/p>\n\n\n\n<p class=\"has-black-color has-text-color has-link-color has-medium-font-size wp-elements-d21c75232f1eedb34a9d372ccb1cfd25\">Informujemy, \u017ce <strong>w pi\u0105tek 27 czerwca 2025 r. w godz. od 9:00 do 14:00 wyst\u0105pi przerwa w dostawie wody <\/strong>z powodu konieczno\u015bci przeprowadzenia prac na instalacji wodnej.<\/p>\n\n\n\n<p class=\"has-black-color has-text-color has-link-color has-medium-font-size wp-elements-6fc1b301291b5892f70a75a2a3bd7731\"><em>Za utrudnienia przepraszamy!<\/em><\/p>\n","protected":false},"excerpt":{"rendered":"<p>Uwaga, Mieszka\u0144cy budynk\u00f3w przy ul. S\u0142owackiego 2 i 3 Informujemy, \u017ce w pi\u0105tek 27 czerwca 2025 r. w godz. od 9:00 do 14:00 wyst\u0105pi przerwa w dostawie wody z powodu konieczno\u015bci przeprowadzenia prac na instalacji wodnej. Za utrudnienia przepraszamy!<\/p>\n","protected":false},"author":2,"featured_media":1296,"comment_status":"open","ping_status":"open","sticky":false,"template":"","format":"standard","meta":{"_et_pb_use_builder":"off","_et_pb_old_content":"","_et_gb_content_width":"","footnotes":""},"categories":[3],"tags":[11,25,17],"class_list":["post-1884","post","type-post","status-publish","format-standard","has-post-thumbnail","hentry","category-aktualnosci","tag-fabryka-ogrodzieniec","tag-slowackiego","tag-woda-i-scieki"],"_links":{"self":[{"href":"http:\/\/fabrykaogrodzieniec.pl\/index.php\/wp-json\/wp\/v2\/posts\/1884","targetHints":{"allow":["GET"]}}],"collection":[{"href":"http:\/\/fabrykaogrodzieniec.pl\/index.php\/wp-json\/wp\/v2\/posts"}],"about":[{"href":"http:\/\/fabrykaogrodzieniec.pl\/index.php\/wp-json\/wp\/v2\/types\/post"}],"author":[{"embeddable":true,"href":"http:\/\/fabrykaogrodzieniec.pl\/index.php\/wp-json\/wp\/v2\/users\/2"}],"replies":[{"embeddable":true,"href":"http:\/\/fabrykaogrodzieniec.pl\/index.php\/wp-json\/wp\/v2\/comments?post=1884"}],"version-history":[{"count":1,"href":"http:\/\/fabrykaogrodzieniec.pl\/index.php\/wp-json\/wp\/v2\/posts\/1884\/revisions"}],"predecessor-version":[{"id":1885,"href":"http:\/\/fabrykaogrodzieniec.pl\/index.php\/wp-json\/wp\/v2\/posts\/1884\/revisions\/1885"}],"wp:featuredmedia":[{"embeddable":true,"href":"http:\/\/fabrykaogrodzieniec.pl\/index.php\/wp-json\/wp\/v2\/media\/1296"}],"wp:attachment":[{"href":"http:\/\/fabrykaogrodzieniec.pl\/index.php\/wp-json\/wp\/v2\/media?parent=1884"}],"wp:term":[{"taxonomy":"category","embeddable":true,"href":"http:\/\/fabrykaogrodzieniec.pl\/index.php\/wp-json\/wp\/v2\/categories?post=1884"},{"taxonomy":"post_tag","embeddable":true,"href":"http:\/\/fabrykaogrodzieniec.pl\/index.php\/wp-json\/wp\/v2\/tags?post=1884"}],"curies":[{"name":"wp","href":"https:\/\/api.w.org\/{rel}","templated":true}]}}