{"id":1881,"date":"2025-06-25T13:15:41","date_gmt":"2025-06-25T11:15:41","guid":{"rendered":"http:\/\/fabrykaogrodzieniec.pl\/?p=1881"},"modified":"2025-06-25T13:15:42","modified_gmt":"2025-06-25T11:15:42","slug":"przerwa-w-dostawie-wody-slowackiego-8-i-11","status":"publish","type":"post","link":"http:\/\/fabrykaogrodzieniec.pl\/index.php\/2025\/06\/25\/przerwa-w-dostawie-wody-slowackiego-8-i-11\/","title":{"rendered":"Przerwa w dostawie wody &#8211; S\u0142owackiego 8 i 11"},"content":{"rendered":"\n<p><\/p>\n\n\n\n<p class=\"has-black-color has-text-color has-link-color has-medium-font-size wp-elements-a31d43e0ec3f6403a6bbe96a562a63bc\" style=\"text-decoration:underline\">Uwaga, Mieszka\u0144cy budynk\u00f3w przy <strong>ul. S\u0142owackiego 8 i 11<\/strong><\/p>\n\n\n\n<p class=\"has-black-color has-text-color has-link-color has-medium-font-size wp-elements-9eec18aa21caeb7a134ed4563fc12cd3\">Informujemy, \u017ce <strong>w czwartek 26 czerwca 2025 r. w godz. od 9:00 do 13:00 wyst\u0105pi przerwa w dostawie wody <\/strong>z powodu konieczno\u015bci przeprowadzenia prac na instalacji wodnej.<\/p>\n\n\n\n<p class=\"has-black-color has-text-color has-link-color has-medium-font-size wp-elements-6fc1b301291b5892f70a75a2a3bd7731\"><em>Za utrudnienia przepraszamy!<\/em><\/p>\n","protected":false},"excerpt":{"rendered":"<p>Uwaga, Mieszka\u0144cy budynk\u00f3w przy ul. S\u0142owackiego 8 i 11 Informujemy, \u017ce w czwartek 26 czerwca 2025 r. w godz. od 9:00 do 13:00 wyst\u0105pi przerwa w dostawie wody z powodu konieczno\u015bci przeprowadzenia prac na instalacji wodnej. Za utrudnienia przepraszamy!<\/p>\n","protected":false},"author":2,"featured_media":1296,"comment_status":"open","ping_status":"open","sticky":false,"template":"","format":"standard","meta":{"_et_pb_use_builder":"off","_et_pb_old_content":"","_et_gb_content_width":"","footnotes":""},"categories":[3],"tags":[11,25,17],"class_list":["post-1881","post","type-post","status-publish","format-standard","has-post-thumbnail","hentry","category-aktualnosci","tag-fabryka-ogrodzieniec","tag-slowackiego","tag-woda-i-scieki"],"_links":{"self":[{"href":"http:\/\/fabrykaogrodzieniec.pl\/index.php\/wp-json\/wp\/v2\/posts\/1881","targetHints":{"allow":["GET"]}}],"collection":[{"href":"http:\/\/fabrykaogrodzieniec.pl\/index.php\/wp-json\/wp\/v2\/posts"}],"about":[{"href":"http:\/\/fabrykaogrodzieniec.pl\/index.php\/wp-json\/wp\/v2\/types\/post"}],"author":[{"embeddable":true,"href":"http:\/\/fabrykaogrodzieniec.pl\/index.php\/wp-json\/wp\/v2\/users\/2"}],"replies":[{"embeddable":true,"href":"http:\/\/fabrykaogrodzieniec.pl\/index.php\/wp-json\/wp\/v2\/comments?post=1881"}],"version-history":[{"count":2,"href":"http:\/\/fabrykaogrodzieniec.pl\/index.php\/wp-json\/wp\/v2\/posts\/1881\/revisions"}],"predecessor-version":[{"id":1883,"href":"http:\/\/fabrykaogrodzieniec.pl\/index.php\/wp-json\/wp\/v2\/posts\/1881\/revisions\/1883"}],"wp:featuredmedia":[{"embeddable":true,"href":"http:\/\/fabrykaogrodzieniec.pl\/index.php\/wp-json\/wp\/v2\/media\/1296"}],"wp:attachment":[{"href":"http:\/\/fabrykaogrodzieniec.pl\/index.php\/wp-json\/wp\/v2\/media?parent=1881"}],"wp:term":[{"taxonomy":"category","embeddable":true,"href":"http:\/\/fabrykaogrodzieniec.pl\/index.php\/wp-json\/wp\/v2\/categories?post=1881"},{"taxonomy":"post_tag","embeddable":true,"href":"http:\/\/fabrykaogrodzieniec.pl\/index.php\/wp-json\/wp\/v2\/tags?post=1881"}],"curies":[{"name":"wp","href":"https:\/\/api.w.org\/{rel}","templated":true}]}}