{"id":1877,"date":"2025-06-16T14:04:21","date_gmt":"2025-06-16T12:04:21","guid":{"rendered":"https:\/\/fabrykaogrodzieniec.pl\/?p=1877"},"modified":"2025-06-16T14:04:22","modified_gmt":"2025-06-16T12:04:22","slug":"biuro-nieczynne-20-czerwca","status":"publish","type":"post","link":"http:\/\/fabrykaogrodzieniec.pl\/index.php\/2025\/06\/16\/biuro-nieczynne-20-czerwca\/","title":{"rendered":"Biuro nieczynne 20 czerwca"},"content":{"rendered":"\n<p><\/p>\n\n\n\n<p><\/p>\n\n\n\n<p><\/p>\n\n\n\n<h2 class=\"wp-block-heading\">Drodzy Mieszka\u0144cy!<\/h2>\n\n\n\n<p><\/p>\n\n\n\n<p class=\"has-medium-font-size\">W pi\u0105tek 20 czerwca 2025 r. biuro administracji mieszkaniowej b\u0119dzie nieczynne.<\/p>\n\n\n\n<p class=\"has-medium-font-size\">\u017byczymy Pa\u0144stwu s\u0142onecznego weekendu!<\/p>\n","protected":false},"excerpt":{"rendered":"<p>Drodzy Mieszka\u0144cy! W pi\u0105tek 20 czerwca 2025 r. biuro administracji mieszkaniowej b\u0119dzie nieczynne. \u017byczymy Pa\u0144stwu s\u0142onecznego weekendu!<\/p>\n","protected":false},"author":2,"featured_media":1878,"comment_status":"open","ping_status":"open","sticky":false,"template":"","format":"standard","meta":{"_et_pb_use_builder":"off","_et_pb_old_content":"","_et_gb_content_width":"","footnotes":""},"categories":[3],"tags":[22,11,16],"class_list":["post-1877","post","type-post","status-publish","format-standard","has-post-thumbnail","hentry","category-aktualnosci","tag-administracja-mieszkaniowa","tag-fabryka-ogrodzieniec","tag-ogrodzieniec"],"_links":{"self":[{"href":"http:\/\/fabrykaogrodzieniec.pl\/index.php\/wp-json\/wp\/v2\/posts\/1877","targetHints":{"allow":["GET"]}}],"collection":[{"href":"http:\/\/fabrykaogrodzieniec.pl\/index.php\/wp-json\/wp\/v2\/posts"}],"about":[{"href":"http:\/\/fabrykaogrodzieniec.pl\/index.php\/wp-json\/wp\/v2\/types\/post"}],"author":[{"embeddable":true,"href":"http:\/\/fabrykaogrodzieniec.pl\/index.php\/wp-json\/wp\/v2\/users\/2"}],"replies":[{"embeddable":true,"href":"http:\/\/fabrykaogrodzieniec.pl\/index.php\/wp-json\/wp\/v2\/comments?post=1877"}],"version-history":[{"count":1,"href":"http:\/\/fabrykaogrodzieniec.pl\/index.php\/wp-json\/wp\/v2\/posts\/1877\/revisions"}],"predecessor-version":[{"id":1879,"href":"http:\/\/fabrykaogrodzieniec.pl\/index.php\/wp-json\/wp\/v2\/posts\/1877\/revisions\/1879"}],"wp:featuredmedia":[{"embeddable":true,"href":"http:\/\/fabrykaogrodzieniec.pl\/index.php\/wp-json\/wp\/v2\/media\/1878"}],"wp:attachment":[{"href":"http:\/\/fabrykaogrodzieniec.pl\/index.php\/wp-json\/wp\/v2\/media?parent=1877"}],"wp:term":[{"taxonomy":"category","embeddable":true,"href":"http:\/\/fabrykaogrodzieniec.pl\/index.php\/wp-json\/wp\/v2\/categories?post=1877"},{"taxonomy":"post_tag","embeddable":true,"href":"http:\/\/fabrykaogrodzieniec.pl\/index.php\/wp-json\/wp\/v2\/tags?post=1877"}],"curies":[{"name":"wp","href":"https:\/\/api.w.org\/{rel}","templated":true}]}}